{"id":3707,"date":"2025-09-10T11:59:57","date_gmt":"2025-09-10T14:59:57","guid":{"rendered":"https:\/\/saltbr.com\/?p=3707"},"modified":"2025-09-10T12:19:30","modified_gmt":"2025-09-10T15:19:30","slug":"as-habilidades-mais-valorizadas-no-brasil-em-2025-segundo-o-linkedin","status":"publish","type":"post","link":"https:\/\/saltbr.com\/en\/as-habilidades-mais-valorizadas-no-brasil-em-2025-segundo-o-linkedin\/","title":{"rendered":"As habilidades mais valorizadas no Brasil em 2025, segundo o LinkedIn"},"content":{"rendered":"<div data-elementor-type=\"wp-post\" data-elementor-id=\"3707\" class=\"elementor elementor-3707\" data-elementor-post-type=\"post\">\n\t\t\t\t<div class=\"elementor-element elementor-element-549587f6 e-flex e-con-boxed e-con e-parent\" data-id=\"549587f6\" data-element_type=\"container\" data-e-type=\"container\">\n\t\t\t\t\t<div class=\"e-con-inner\">\n\t\t\t\t<div class=\"elementor-element elementor-element-2a5215dc elementor-widget elementor-widget-text-editor\" data-id=\"2a5215dc\" data-element_type=\"widget\" data-e-type=\"widget\" data-widget_type=\"text-editor.default\">\n\t\t\t\t<div class=\"elementor-widget-container\">\n\t\t\t\t\t\t\t\t\t\n<p>Se voc\u00ea acompanha o mercado de perto, j\u00e1 percebeu que 2025 n\u00e3o \u00e9 apenas \u201cmais um ano\u201d.<\/p>\n<p>O LinkedIn divulgou recentemente as habilidades mais valorizadas no Brasil, e os dados confirmam aquilo que j\u00e1 observamos em nossos projetos com clientes: empresas que crescem e se transformam s\u00e3o aquelas que dominam compet\u00eancias estrat\u00e9gicas de lideran\u00e7a e gest\u00e3o de pessoas.<\/p>\n<p><strong>O problema: quando a estrat\u00e9gia n\u00e3o sai do papel<\/strong><\/p>\n<p>As habilidades mais demandadas n\u00e3o est\u00e3o restritas a especialistas t\u00e9cnicos. Elas atravessam toda a organiza\u00e7\u00e3o, do RH ao C-Level. E aqui surge o risco: sem desenvolvimento organizacional, sem pessoas preparadas e sem vis\u00e3o clara de futuro, at\u00e9 a melhor estrat\u00e9gia morre em slides de PowerPoint.<\/p>\n<p><strong>O impacto: velocidade, competitividade e futuro sustent\u00e1vel<\/strong><\/p>\n<p>Tr\u00eas compet\u00eancias, em especial, j\u00e1 se tornaram determinantes no mercado brasileiro:<\/p>\n<p><strong>1- Desenvolvimento Organizacional<\/strong><br \/>N\u00e3o basta ter uma estrat\u00e9gia ousada. Empresas que querem ser digitais, globais ou inovadoras precisam construir capacidades organizacionais que sustentem essa jornada. Sem essa base, a execu\u00e7\u00e3o trava.<\/p>\n<p><strong>2- Desenvolvimento de Pessoas<\/strong><br \/>Cursos e treinamentos isolados n\u00e3o bastam. O diferencial est\u00e1 em garantir que talentos evoluam no ritmo certo, adquirindo maturidade emocional e compet\u00eancias cr\u00edticas. Quem negligencia isso compromete o pipeline de lideran\u00e7a e perde velocidade diante da concorr\u00eancia.<\/p>\n<p><strong>3-Vis\u00e3o Estrat\u00e9gica<\/strong><br \/>O mercado valoriza l\u00edderes que n\u00e3o apenas administram, mas mobilizam times em torno de uma vis\u00e3o clara de futuro. Inspirar, aqui, significa traduzir escolhas estrat\u00e9gicas em causas pelas quais as pessoas realmente se engajam.<\/p>\n<p><strong>A solu\u00e7\u00e3o: da tend\u00eancia \u00e0 pr\u00e1tica com a Salt<\/strong><\/p>\n<p>Na Salt Transformation Insights, entendemos que essas tr\u00eas compet\u00eancias n\u00e3o s\u00e3o apenas tend\u00eancias, mas barreiras concretas que podem acelerar ou bloquear o crescimento das empresas.<br \/>Por isso, apoiamos organiza\u00e7\u00f5es a desenhar capacidades organizacionais, desenvolver talentos estrat\u00e9gicos e formar lideran\u00e7as capazes de mobilizar equipes rumo ao futuro.<\/p>\n<p>O LinkedIn apontou a dire\u00e7\u00e3o. Agora, a quest\u00e3o \u00e9: sua empresa vai apenas acompanhar a tend\u00eancia ou transformar essas habilidades em resultados concretos?<\/p>\n<p>A Salt pode ajudar a fazer essa virada, do diagn\u00f3stico \u00e0 transforma\u00e7\u00e3o.<\/p>\n<p>\u00a0<\/p>\n\t\t\t\t\t\t\t\t<\/div>\n\t\t\t\t<\/div>\n\t\t\t\t\t<\/div>\n\t\t\t\t<\/div>\n\t\t\t\t<\/div>","protected":false},"excerpt":{"rendered":"<p>Se voc\u00ea acompanha o mercado de perto, j\u00e1 percebeu que 2025 n\u00e3o \u00e9 apenas \u201cmais um ano\u201d. O LinkedIn divulgou recentemente as habilidades mais valorizadas no Brasil, e os dados confirmam aquilo que j\u00e1 observamos em nossos projetos com clientes: empresas que crescem e se transformam s\u00e3o aquelas que dominam compet\u00eancias estrat\u00e9gicas de lideran\u00e7a e [&hellip;]<\/p>\n","protected":false},"author":2,"featured_media":3864,"comment_status":"closed","ping_status":"open","sticky":false,"template":"","format":"standard","meta":{"iawp_total_views":19,"footnotes":""},"categories":[10],"tags":[],"class_list":["post-3707","post","type-post","status-publish","format-standard","has-post-thumbnail","hentry","category-futuro-do-trabalho"],"yoast_head":"<!-- This site is optimized with the Yoast SEO plugin v27.5 - https:\/\/yoast.com\/product\/yoast-seo-wordpress\/ -->\n<title>As habilidades mais valorizadas no Brasil em 2025, segundo o LinkedIn - Salt<\/title>\n<meta name=\"description\" content=\"Ansiedade, medo e resist\u00eancia, se n\u00e3o gerenciados, podem prejudicar a implementa\u00e7\u00e3o de mudan\u00e7as e a produtividade organizacional.\" \/>\n<meta name=\"robots\" content=\"index, follow, max-snippet:-1, max-image-preview:large, max-video-preview:-1\" \/>\n<link rel=\"canonical\" href=\"https:\/\/saltbr.com\/en\/as-habilidades-mais-valorizadas-no-brasil-em-2025-segundo-o-linkedin\/\" \/>\n<meta property=\"og:locale\" content=\"en_US\" \/>\n<meta property=\"og:type\" content=\"article\" \/>\n<meta property=\"og:title\" content=\"As habilidades mais valorizadas no Brasil em 2025, segundo o LinkedIn - Salt\" \/>\n<meta property=\"og:description\" content=\"Ansiedade, medo e resist\u00eancia, se n\u00e3o gerenciados, podem prejudicar a implementa\u00e7\u00e3o de mudan\u00e7as e a produtividade organizacional.\" \/>\n<meta property=\"og:url\" content=\"https:\/\/saltbr.com\/en\/as-habilidades-mais-valorizadas-no-brasil-em-2025-segundo-o-linkedin\/\" \/>\n<meta property=\"og:site_name\" content=\"Salt\" \/>\n<meta property=\"article:publisher\" content=\"https:\/\/www.facebook.com\/saltconsultoriarh\" \/>\n<meta property=\"article:published_time\" content=\"2025-09-10T14:59:57+00:00\" \/>\n<meta property=\"article:modified_time\" content=\"2025-09-10T15:19:30+00:00\" \/>\n<meta property=\"og:image\" content=\"https:\/\/saltbr.com\/wp-content\/uploads\/2025\/09\/pexels-rebrand-cities-581004-1367276-scaled.webp\" \/>\n\t<meta property=\"og:image:width\" content=\"2560\" \/>\n\t<meta property=\"og:image:height\" content=\"1707\" \/>\n\t<meta property=\"og:image:type\" content=\"image\/jpeg\" \/>\n<meta name=\"author\" content=\"Laura Widal\" \/>\n<meta name=\"twitter:card\" content=\"summary_large_image\" \/>\n<meta name=\"twitter:label1\" content=\"Written by\" \/>\n\t<meta name=\"twitter:data1\" content=\"Laura Widal\" \/>\n\t<meta name=\"twitter:label2\" content=\"Est. reading time\" \/>\n\t<meta name=\"twitter:data2\" content=\"2 minutes\" \/>\n<script type=\"application\/ld+json\" class=\"yoast-schema-graph\">{\"@context\":\"https:\\\/\\\/schema.org\",\"@graph\":[{\"@type\":\"Article\",\"@id\":\"https:\\\/\\\/saltbr.com\\\/as-habilidades-mais-valorizadas-no-brasil-em-2025-segundo-o-linkedin\\\/#article\",\"isPartOf\":{\"@id\":\"https:\\\/\\\/saltbr.com\\\/as-habilidades-mais-valorizadas-no-brasil-em-2025-segundo-o-linkedin\\\/\"},\"author\":{\"name\":\"Laura Widal\",\"@id\":\"https:\\\/\\\/saltbr.com\\\/#\\\/schema\\\/person\\\/2a72e52ee77403f29935d1eea9cf2171\"},\"headline\":\"As habilidades mais valorizadas no Brasil em 2025, segundo o LinkedIn\",\"datePublished\":\"2025-09-10T14:59:57+00:00\",\"dateModified\":\"2025-09-10T15:19:30+00:00\",\"mainEntityOfPage\":{\"@id\":\"https:\\\/\\\/saltbr.com\\\/as-habilidades-mais-valorizadas-no-brasil-em-2025-segundo-o-linkedin\\\/\"},\"wordCount\":380,\"publisher\":{\"@id\":\"https:\\\/\\\/saltbr.com\\\/#organization\"},\"image\":{\"@id\":\"https:\\\/\\\/saltbr.com\\\/as-habilidades-mais-valorizadas-no-brasil-em-2025-segundo-o-linkedin\\\/#primaryimage\"},\"thumbnailUrl\":\"https:\\\/\\\/saltbr.com\\\/wp-content\\\/uploads\\\/2025\\\/09\\\/pexels-rebrand-cities-581004-1367276-scaled.webp\",\"articleSection\":[\"Futuro do Trabalho\"],\"inLanguage\":\"en-US\"},{\"@type\":\"WebPage\",\"@id\":\"https:\\\/\\\/saltbr.com\\\/as-habilidades-mais-valorizadas-no-brasil-em-2025-segundo-o-linkedin\\\/\",\"url\":\"https:\\\/\\\/saltbr.com\\\/as-habilidades-mais-valorizadas-no-brasil-em-2025-segundo-o-linkedin\\\/\",\"name\":\"As habilidades mais valorizadas no Brasil em 2025, segundo o LinkedIn - Salt\",\"isPartOf\":{\"@id\":\"https:\\\/\\\/saltbr.com\\\/#website\"},\"primaryImageOfPage\":{\"@id\":\"https:\\\/\\\/saltbr.com\\\/as-habilidades-mais-valorizadas-no-brasil-em-2025-segundo-o-linkedin\\\/#primaryimage\"},\"image\":{\"@id\":\"https:\\\/\\\/saltbr.com\\\/as-habilidades-mais-valorizadas-no-brasil-em-2025-segundo-o-linkedin\\\/#primaryimage\"},\"thumbnailUrl\":\"https:\\\/\\\/saltbr.com\\\/wp-content\\\/uploads\\\/2025\\\/09\\\/pexels-rebrand-cities-581004-1367276-scaled.webp\",\"datePublished\":\"2025-09-10T14:59:57+00:00\",\"dateModified\":\"2025-09-10T15:19:30+00:00\",\"description\":\"Ansiedade, medo e resist\u00eancia, se n\u00e3o gerenciados, podem prejudicar a implementa\u00e7\u00e3o de mudan\u00e7as e a produtividade organizacional.\",\"breadcrumb\":{\"@id\":\"https:\\\/\\\/saltbr.com\\\/as-habilidades-mais-valorizadas-no-brasil-em-2025-segundo-o-linkedin\\\/#breadcrumb\"},\"inLanguage\":\"en-US\",\"potentialAction\":[{\"@type\":\"ReadAction\",\"target\":[\"https:\\\/\\\/saltbr.com\\\/as-habilidades-mais-valorizadas-no-brasil-em-2025-segundo-o-linkedin\\\/\"]}]},{\"@type\":\"ImageObject\",\"inLanguage\":\"en-US\",\"@id\":\"https:\\\/\\\/saltbr.com\\\/as-habilidades-mais-valorizadas-no-brasil-em-2025-segundo-o-linkedin\\\/#primaryimage\",\"url\":\"https:\\\/\\\/saltbr.com\\\/wp-content\\\/uploads\\\/2025\\\/09\\\/pexels-rebrand-cities-581004-1367276-scaled.webp\",\"contentUrl\":\"https:\\\/\\\/saltbr.com\\\/wp-content\\\/uploads\\\/2025\\\/09\\\/pexels-rebrand-cities-581004-1367276-scaled.webp\",\"width\":2560,\"height\":1707},{\"@type\":\"BreadcrumbList\",\"@id\":\"https:\\\/\\\/saltbr.com\\\/as-habilidades-mais-valorizadas-no-brasil-em-2025-segundo-o-linkedin\\\/#breadcrumb\",\"itemListElement\":[{\"@type\":\"ListItem\",\"position\":1,\"name\":\"In\u00edcio\",\"item\":\"https:\\\/\\\/saltbr.com\\\/\"},{\"@type\":\"ListItem\",\"position\":2,\"name\":\"As habilidades mais valorizadas no Brasil em 2025, segundo o LinkedIn\"}]},{\"@type\":\"WebSite\",\"@id\":\"https:\\\/\\\/saltbr.com\\\/#website\",\"url\":\"https:\\\/\\\/saltbr.com\\\/\",\"name\":\"Salt\",\"description\":\"Transformation Insights\",\"publisher\":{\"@id\":\"https:\\\/\\\/saltbr.com\\\/#organization\"},\"potentialAction\":[{\"@type\":\"SearchAction\",\"target\":{\"@type\":\"EntryPoint\",\"urlTemplate\":\"https:\\\/\\\/saltbr.com\\\/?s={search_term_string}\"},\"query-input\":{\"@type\":\"PropertyValueSpecification\",\"valueRequired\":true,\"valueName\":\"search_term_string\"}}],\"inLanguage\":\"en-US\"},{\"@type\":\"Organization\",\"@id\":\"https:\\\/\\\/saltbr.com\\\/#organization\",\"name\":\"Salt\",\"url\":\"https:\\\/\\\/saltbr.com\\\/\",\"logo\":{\"@type\":\"ImageObject\",\"inLanguage\":\"en-US\",\"@id\":\"https:\\\/\\\/saltbr.com\\\/#\\\/schema\\\/logo\\\/image\\\/\",\"url\":\"https:\\\/\\\/saltbr.com\\\/wp-content\\\/uploads\\\/2024\\\/10\\\/salt-logo-verde.svg\",\"contentUrl\":\"https:\\\/\\\/saltbr.com\\\/wp-content\\\/uploads\\\/2024\\\/10\\\/salt-logo-verde.svg\",\"width\":1570,\"height\":602,\"caption\":\"Salt\"},\"image\":{\"@id\":\"https:\\\/\\\/saltbr.com\\\/#\\\/schema\\\/logo\\\/image\\\/\"},\"sameAs\":[\"https:\\\/\\\/www.facebook.com\\\/saltconsultoriarh\",\"https:\\\/\\\/www.youtube.com\\\/channel\\\/UCWdnjzHYTq_y7LzWzRd3caw\",\"https:\\\/\\\/www.instagram.com\\\/saltleadership\\\/#\",\"https:\\\/\\\/www.linkedin.com\\\/company\\\/salthrinsights\"]},{\"@type\":\"Person\",\"@id\":\"https:\\\/\\\/saltbr.com\\\/#\\\/schema\\\/person\\\/2a72e52ee77403f29935d1eea9cf2171\",\"name\":\"Laura Widal\",\"image\":{\"@type\":\"ImageObject\",\"inLanguage\":\"en-US\",\"@id\":\"https:\\\/\\\/saltbr.com\\\/wp-content\\\/litespeed\\\/avatar\\\/8ad40098889e5e834e265c96175ddad0.jpg?ver=1777480010\",\"url\":\"https:\\\/\\\/saltbr.com\\\/wp-content\\\/litespeed\\\/avatar\\\/8ad40098889e5e834e265c96175ddad0.jpg?ver=1777480010\",\"contentUrl\":\"https:\\\/\\\/saltbr.com\\\/wp-content\\\/litespeed\\\/avatar\\\/8ad40098889e5e834e265c96175ddad0.jpg?ver=1777480010\",\"caption\":\"Laura Widal\"},\"url\":\"https:\\\/\\\/saltbr.com\\\/en\\\/author\\\/laura-widal\\\/\"}]}<\/script>\n<!-- \/ Yoast SEO plugin. -->","yoast_head_json":{"title":"As habilidades mais valorizadas no Brasil em 2025, segundo o LinkedIn - Salt","description":"Ansiedade, medo e resist\u00eancia, se n\u00e3o gerenciados, podem prejudicar a implementa\u00e7\u00e3o de mudan\u00e7as e a produtividade organizacional.","robots":{"index":"index","follow":"follow","max-snippet":"max-snippet:-1","max-image-preview":"max-image-preview:large","max-video-preview":"max-video-preview:-1"},"canonical":"https:\/\/saltbr.com\/en\/as-habilidades-mais-valorizadas-no-brasil-em-2025-segundo-o-linkedin\/","og_locale":"en_US","og_type":"article","og_title":"As habilidades mais valorizadas no Brasil em 2025, segundo o LinkedIn - Salt","og_description":"Ansiedade, medo e resist\u00eancia, se n\u00e3o gerenciados, podem prejudicar a implementa\u00e7\u00e3o de mudan\u00e7as e a produtividade organizacional.","og_url":"https:\/\/saltbr.com\/en\/as-habilidades-mais-valorizadas-no-brasil-em-2025-segundo-o-linkedin\/","og_site_name":"Salt","article_publisher":"https:\/\/www.facebook.com\/saltconsultoriarh","article_published_time":"2025-09-10T14:59:57+00:00","article_modified_time":"2025-09-10T15:19:30+00:00","og_image":[{"width":2560,"height":1707,"url":"https:\/\/saltbr.com\/wp-content\/uploads\/2025\/09\/pexels-rebrand-cities-581004-1367276-scaled.webp","type":"image\/jpeg"}],"author":"Laura Widal","twitter_card":"summary_large_image","twitter_misc":{"Written by":"Laura Widal","Est. reading time":"2 minutes"},"schema":{"@context":"https:\/\/schema.org","@graph":[{"@type":"Article","@id":"https:\/\/saltbr.com\/as-habilidades-mais-valorizadas-no-brasil-em-2025-segundo-o-linkedin\/#article","isPartOf":{"@id":"https:\/\/saltbr.com\/as-habilidades-mais-valorizadas-no-brasil-em-2025-segundo-o-linkedin\/"},"author":{"name":"Laura Widal","@id":"https:\/\/saltbr.com\/#\/schema\/person\/2a72e52ee77403f29935d1eea9cf2171"},"headline":"As habilidades mais valorizadas no Brasil em 2025, segundo o LinkedIn","datePublished":"2025-09-10T14:59:57+00:00","dateModified":"2025-09-10T15:19:30+00:00","mainEntityOfPage":{"@id":"https:\/\/saltbr.com\/as-habilidades-mais-valorizadas-no-brasil-em-2025-segundo-o-linkedin\/"},"wordCount":380,"publisher":{"@id":"https:\/\/saltbr.com\/#organization"},"image":{"@id":"https:\/\/saltbr.com\/as-habilidades-mais-valorizadas-no-brasil-em-2025-segundo-o-linkedin\/#primaryimage"},"thumbnailUrl":"https:\/\/saltbr.com\/wp-content\/uploads\/2025\/09\/pexels-rebrand-cities-581004-1367276-scaled.webp","articleSection":["Futuro do Trabalho"],"inLanguage":"en-US"},{"@type":"WebPage","@id":"https:\/\/saltbr.com\/as-habilidades-mais-valorizadas-no-brasil-em-2025-segundo-o-linkedin\/","url":"https:\/\/saltbr.com\/as-habilidades-mais-valorizadas-no-brasil-em-2025-segundo-o-linkedin\/","name":"As habilidades mais valorizadas no Brasil em 2025, segundo o LinkedIn - Salt","isPartOf":{"@id":"https:\/\/saltbr.com\/#website"},"primaryImageOfPage":{"@id":"https:\/\/saltbr.com\/as-habilidades-mais-valorizadas-no-brasil-em-2025-segundo-o-linkedin\/#primaryimage"},"image":{"@id":"https:\/\/saltbr.com\/as-habilidades-mais-valorizadas-no-brasil-em-2025-segundo-o-linkedin\/#primaryimage"},"thumbnailUrl":"https:\/\/saltbr.com\/wp-content\/uploads\/2025\/09\/pexels-rebrand-cities-581004-1367276-scaled.webp","datePublished":"2025-09-10T14:59:57+00:00","dateModified":"2025-09-10T15:19:30+00:00","description":"Ansiedade, medo e resist\u00eancia, se n\u00e3o gerenciados, podem prejudicar a implementa\u00e7\u00e3o de mudan\u00e7as e a produtividade organizacional.","breadcrumb":{"@id":"https:\/\/saltbr.com\/as-habilidades-mais-valorizadas-no-brasil-em-2025-segundo-o-linkedin\/#breadcrumb"},"inLanguage":"en-US","potentialAction":[{"@type":"ReadAction","target":["https:\/\/saltbr.com\/as-habilidades-mais-valorizadas-no-brasil-em-2025-segundo-o-linkedin\/"]}]},{"@type":"ImageObject","inLanguage":"en-US","@id":"https:\/\/saltbr.com\/as-habilidades-mais-valorizadas-no-brasil-em-2025-segundo-o-linkedin\/#primaryimage","url":"https:\/\/saltbr.com\/wp-content\/uploads\/2025\/09\/pexels-rebrand-cities-581004-1367276-scaled.webp","contentUrl":"https:\/\/saltbr.com\/wp-content\/uploads\/2025\/09\/pexels-rebrand-cities-581004-1367276-scaled.webp","width":2560,"height":1707},{"@type":"BreadcrumbList","@id":"https:\/\/saltbr.com\/as-habilidades-mais-valorizadas-no-brasil-em-2025-segundo-o-linkedin\/#breadcrumb","itemListElement":[{"@type":"ListItem","position":1,"name":"In\u00edcio","item":"https:\/\/saltbr.com\/"},{"@type":"ListItem","position":2,"name":"As habilidades mais valorizadas no Brasil em 2025, segundo o LinkedIn"}]},{"@type":"WebSite","@id":"https:\/\/saltbr.com\/#website","url":"https:\/\/saltbr.com\/","name":"Salt","description":"Transformation Insights","publisher":{"@id":"https:\/\/saltbr.com\/#organization"},"potentialAction":[{"@type":"SearchAction","target":{"@type":"EntryPoint","urlTemplate":"https:\/\/saltbr.com\/?s={search_term_string}"},"query-input":{"@type":"PropertyValueSpecification","valueRequired":true,"valueName":"search_term_string"}}],"inLanguage":"en-US"},{"@type":"Organization","@id":"https:\/\/saltbr.com\/#organization","name":"Salt","url":"https:\/\/saltbr.com\/","logo":{"@type":"ImageObject","inLanguage":"en-US","@id":"https:\/\/saltbr.com\/#\/schema\/logo\/image\/","url":"https:\/\/saltbr.com\/wp-content\/uploads\/2024\/10\/salt-logo-verde.svg","contentUrl":"https:\/\/saltbr.com\/wp-content\/uploads\/2024\/10\/salt-logo-verde.svg","width":1570,"height":602,"caption":"Salt"},"image":{"@id":"https:\/\/saltbr.com\/#\/schema\/logo\/image\/"},"sameAs":["https:\/\/www.facebook.com\/saltconsultoriarh","https:\/\/www.youtube.com\/channel\/UCWdnjzHYTq_y7LzWzRd3caw","https:\/\/www.instagram.com\/saltleadership\/#","https:\/\/www.linkedin.com\/company\/salthrinsights"]},{"@type":"Person","@id":"https:\/\/saltbr.com\/#\/schema\/person\/2a72e52ee77403f29935d1eea9cf2171","name":"Laura Widal","image":{"@type":"ImageObject","inLanguage":"en-US","@id":"https:\/\/saltbr.com\/wp-content\/litespeed\/avatar\/8ad40098889e5e834e265c96175ddad0.jpg?ver=1777480010","url":"https:\/\/saltbr.com\/wp-content\/litespeed\/avatar\/8ad40098889e5e834e265c96175ddad0.jpg?ver=1777480010","contentUrl":"https:\/\/saltbr.com\/wp-content\/litespeed\/avatar\/8ad40098889e5e834e265c96175ddad0.jpg?ver=1777480010","caption":"Laura Widal"},"url":"https:\/\/saltbr.com\/en\/author\/laura-widal\/"}]}},"_links":{"self":[{"href":"https:\/\/saltbr.com\/en\/wp-json\/wp\/v2\/posts\/3707","targetHints":{"allow":["GET"]}}],"collection":[{"href":"https:\/\/saltbr.com\/en\/wp-json\/wp\/v2\/posts"}],"about":[{"href":"https:\/\/saltbr.com\/en\/wp-json\/wp\/v2\/types\/post"}],"author":[{"embeddable":true,"href":"https:\/\/saltbr.com\/en\/wp-json\/wp\/v2\/users\/2"}],"replies":[{"embeddable":true,"href":"https:\/\/saltbr.com\/en\/wp-json\/wp\/v2\/comments?post=3707"}],"version-history":[{"count":11,"href":"https:\/\/saltbr.com\/en\/wp-json\/wp\/v2\/posts\/3707\/revisions"}],"predecessor-version":[{"id":3876,"href":"https:\/\/saltbr.com\/en\/wp-json\/wp\/v2\/posts\/3707\/revisions\/3876"}],"wp:featuredmedia":[{"embeddable":true,"href":"https:\/\/saltbr.com\/en\/wp-json\/wp\/v2\/media\/3864"}],"wp:attachment":[{"href":"https:\/\/saltbr.com\/en\/wp-json\/wp\/v2\/media?parent=3707"}],"wp:term":[{"taxonomy":"category","embeddable":true,"href":"https:\/\/saltbr.com\/en\/wp-json\/wp\/v2\/categories?post=3707"},{"taxonomy":"post_tag","embeddable":true,"href":"https:\/\/saltbr.com\/en\/wp-json\/wp\/v2\/tags?post=3707"}],"curies":[{"name":"wp","href":"https:\/\/api.w.org\/{rel}","templated":true}]}}